{"id":2751,"date":"2026-08-31T12:14:12","date_gmt":"2026-08-31T12:14:12","guid":{"rendered":"http:\/\/www.schuetzenverein-umpferstedt.com\/?p=2751"},"modified":"2026-08-31T12:14:12","modified_gmt":"2026-08-31T12:14:12","slug":"koenigsessen-2026","status":"publish","type":"post","link":"https:\/\/www.schuetzenverein-umpferstedt.com\/?p=2751","title":{"rendered":"K\u00f6nigsessen 2026"},"content":{"rendered":"<p>Am 16. Juni 2026 war es wieder so weit: Unser Sch\u00fctzenk\u00f6nig <strong>Kai Mille<\/strong> und seine beiden Ritter <strong>Joachim Best und Detlef M\u00fcller<\/strong> hatten zum traditionellen K\u00f6nigsessen eingeladen.<br \/>\nF\u00fcr Kai war dieser Abend gleich aus zwei Gr\u00fcnden etwas Besonderes. Neben seinem K\u00f6nigstitel konnte er gemeinsam mit seinen Sch\u00fctzenkameradinnen und Sch\u00fctzenkameraden auch seinen <strong>50. Geburtstag<\/strong> feiern, der sich am Vortag zum 50. Mal gej\u00e4hrt hatte. Ein sch\u00f6ner Anlass also, gemeinsam anzusto\u00dfen und einen geselligen Abend zu verbringen.<\/p>\n<p><strong>Sommerwetter, gute Gespr\u00e4che und ein reichhaltiges Buffet<br \/>\n<\/strong><br \/>\n<img loading=\"lazy\" decoding=\"async\" class=\"alignnone size-full wp-image-2745\" src=\"http:\/\/www.schuetzenverein-umpferstedt.com\/wordpress\/wp-content\/uploads\/2026\/08\/2026KEKoeritt-1-scaled.jpg\" alt=\"\" width=\"2560\" height=\"1246\" srcset=\"https:\/\/www.schuetzenverein-umpferstedt.com\/wordpress\/wp-content\/uploads\/2026\/08\/2026KEKoeritt-1-scaled.jpg 2560w, https:\/\/www.schuetzenverein-umpferstedt.com\/wordpress\/wp-content\/uploads\/2026\/08\/2026KEKoeritt-1-300x146.jpg 300w, https:\/\/www.schuetzenverein-umpferstedt.com\/wordpress\/wp-content\/uploads\/2026\/08\/2026KEKoeritt-1-644x314.jpg 644w, https:\/\/www.schuetzenverein-umpferstedt.com\/wordpress\/wp-content\/uploads\/2026\/08\/2026KEKoeritt-1-768x374.jpg 768w, https:\/\/www.schuetzenverein-umpferstedt.com\/wordpress\/wp-content\/uploads\/2026\/08\/2026KEKoeritt-1-1536x748.jpg 1536w, https:\/\/www.schuetzenverein-umpferstedt.com\/wordpress\/wp-content\/uploads\/2026\/08\/2026KEKoeritt-1-2048x997.jpg 2048w\" sizes=\"auto, (max-width: 2560px) 100vw, 2560px\" \/><\/p>\n<p>Als das Buffetschlie\u00dflich aufgebaut war, traten K\u00f6nig Kai und seine beiden Ritter vor die G\u00e4ste. Kai begr\u00fc\u00dfte alle Anwesenden herzlich und bedankte sich bei den zahlreichen Helferinnen und Helfern, die zum Gelingen des Abends beigetragen hatten.<\/p>\n<p><strong>Noch ein paar wichtige Vereinsinformationen<br \/>\n<\/strong>Ritter Detlef und Stv. Vereinsvorsitzender nutzte die Gelegenheit au\u00dferdem f\u00fcr einige organisatorische Hinweise:<\/p>\n<p>Die <strong>gr\u00fcnen Muster-Poloshirts mit eingearbeitetem Vereinswappen<\/strong> liegen noch kurze Zeit im Sch\u00fctzenhaus zur Anprobe und Gr\u00f6\u00dfenauswahl aus. Die konkreten Bestellw\u00fcnsche sollen anschlie\u00dfend in der kommenden Woche ausgel\u00f6st werden.<br \/>\nDar\u00fcber hinaus besteht die M\u00f6glichkeit, das <strong>eigene individuelle wei\u00dfe Hemd beziehungsweise die wei\u00dfe Bluse<\/strong> mit seinem Namensvermerk abzugeben. Darauf soll das Vereinswappen eingewoben werden; zus\u00e4tzlich soll am Kragen das Sch\u00fctzenzeichen angebracht werden.<br \/>\n<img loading=\"lazy\" decoding=\"async\" class=\"alignnone size-full wp-image-2740\" src=\"http:\/\/www.schuetzenverein-umpferstedt.com\/wordpress\/wp-content\/uploads\/2026\/08\/2026KEteam-scaled.jpg\" alt=\"\" width=\"2560\" height=\"1057\" srcset=\"https:\/\/www.schuetzenverein-umpferstedt.com\/wordpress\/wp-content\/uploads\/2026\/08\/2026KEteam-scaled.jpg 2560w, https:\/\/www.schuetzenverein-umpferstedt.com\/wordpress\/wp-content\/uploads\/2026\/08\/2026KEteam-300x124.jpg 300w, https:\/\/www.schuetzenverein-umpferstedt.com\/wordpress\/wp-content\/uploads\/2026\/08\/2026KEteam-644x266.jpg 644w, https:\/\/www.schuetzenverein-umpferstedt.com\/wordpress\/wp-content\/uploads\/2026\/08\/2026KEteam-768x317.jpg 768w, https:\/\/www.schuetzenverein-umpferstedt.com\/wordpress\/wp-content\/uploads\/2026\/08\/2026KEteam-1536x634.jpg 1536w, https:\/\/www.schuetzenverein-umpferstedt.com\/wordpress\/wp-content\/uploads\/2026\/08\/2026KEteam-2048x846.jpg 2048w\" sizes=\"auto, (max-width: 2560px) 100vw, 2560px\" \/><\/p>\n<p><img loading=\"lazy\" decoding=\"async\" class=\"alignnone size-full wp-image-2743\" src=\"http:\/\/www.schuetzenverein-umpferstedt.com\/wordpress\/wp-content\/uploads\/2026\/08\/2025Teamh-1-scaled.jpg\" alt=\"\" width=\"2560\" height=\"1195\" srcset=\"https:\/\/www.schuetzenverein-umpferstedt.com\/wordpress\/wp-content\/uploads\/2026\/08\/2025Teamh-1-scaled.jpg 2560w, https:\/\/www.schuetzenverein-umpferstedt.com\/wordpress\/wp-content\/uploads\/2026\/08\/2025Teamh-1-300x140.jpg 300w, https:\/\/www.schuetzenverein-umpferstedt.com\/wordpress\/wp-content\/uploads\/2026\/08\/2025Teamh-1-644x301.jpg 644w, https:\/\/www.schuetzenverein-umpferstedt.com\/wordpress\/wp-content\/uploads\/2026\/08\/2025Teamh-1-768x359.jpg 768w, https:\/\/www.schuetzenverein-umpferstedt.com\/wordpress\/wp-content\/uploads\/2026\/08\/2025Teamh-1-1536x717.jpg 1536w, https:\/\/www.schuetzenverein-umpferstedt.com\/wordpress\/wp-content\/uploads\/2026\/08\/2025Teamh-1-2048x956.jpg 2048w\" sizes=\"auto, (max-width: 2560px) 100vw, 2560px\" \/><\/p>\n<p>Nachdem auch diese organisatorischen Punkte gekl\u00e4rt waren, hie\u00df es endlich: <strong>Das Buffet ist er\u00f6ffnet!<\/strong><\/p>\n<p><img loading=\"lazy\" decoding=\"async\" class=\"alignnone size-full wp-image-2744\" src=\"http:\/\/www.schuetzenverein-umpferstedt.com\/wordpress\/wp-content\/uploads\/2026\/08\/2026KEBuf-1-scaled.jpg\" alt=\"\" width=\"2560\" height=\"1079\" srcset=\"https:\/\/www.schuetzenverein-umpferstedt.com\/wordpress\/wp-content\/uploads\/2026\/08\/2026KEBuf-1-scaled.jpg 2560w, https:\/\/www.schuetzenverein-umpferstedt.com\/wordpress\/wp-content\/uploads\/2026\/08\/2026KEBuf-1-300x126.jpg 300w, https:\/\/www.schuetzenverein-umpferstedt.com\/wordpress\/wp-content\/uploads\/2026\/08\/2026KEBuf-1-644x271.jpg 644w, https:\/\/www.schuetzenverein-umpferstedt.com\/wordpress\/wp-content\/uploads\/2026\/08\/2026KEBuf-1-768x324.jpg 768w, https:\/\/www.schuetzenverein-umpferstedt.com\/wordpress\/wp-content\/uploads\/2026\/08\/2026KEBuf-1-1536x647.jpg 1536w, https:\/\/www.schuetzenverein-umpferstedt.com\/wordpress\/wp-content\/uploads\/2026\/08\/2026KEBuf-1-2048x863.jpg 2048w\" sizes=\"auto, (max-width: 2560px) 100vw, 2560px\" \/><\/p>\n<p><strong>Es durfte kr\u00e4ftig zugelangt werden<br \/>\n<\/strong>Und das lie\u00df sich niemand zweimal sagen. Die G\u00e4ste lobten die leckeren Speisen und die Auswahl des Buffets in den h\u00f6chsten T\u00f6nen. Auch die Jungs hinter der Bar machten ihren Job hervorragend und erf\u00fcllten freundlich und zuvorkommend s\u00e4mtliche Getr\u00e4nkew\u00fcnsche.<\/p>\n<p>Beim Nachhausegehen waren sich schlie\u00dflich alle einig:<br \/>\n<strong>Es war wieder einmal ein rundum gelungener, sch\u00f6ner und geselliger Vereinsabend und Detlef gaben alle recht als er in die Gruppe schrieb: Das war eine sch\u00f6ne Party!\u00a0<\/strong><\/p>\n","protected":false},"excerpt":{"rendered":"<p>Am 16. Juni 2026 war es wieder so weit: Unser Sch\u00fctzenk\u00f6nig Kai Mille und seine beiden Ritter Joachim Best und Detlef M\u00fcller hatten zum traditionellen K\u00f6nigsessen eingeladen. F\u00fcr Kai war dieser Abend gleich aus zwei Gr\u00fcnden etwas Besonderes. Neben seinem K\u00f6nigstitel konnte er gemeinsam mit seinen Sch\u00fctzenkameradinnen und Sch\u00fctzenkameraden auch seinen 50. Geburtstag feiern, der [&hellip;]<\/p>\n","protected":false},"author":3,"featured_media":0,"comment_status":"closed","ping_status":"closed","sticky":false,"template":"","format":"standard","meta":{"ocean_post_layout":"","ocean_both_sidebars_style":"","ocean_both_sidebars_content_width":0,"ocean_both_sidebars_sidebars_width":0,"ocean_sidebar":"0","ocean_second_sidebar":"0","ocean_disable_margins":"enable","ocean_add_body_class":"","ocean_shortcode_before_top_bar":"","ocean_shortcode_after_top_bar":"","ocean_shortcode_before_header":"","ocean_shortcode_after_header":"","ocean_has_shortcode":"","ocean_shortcode_after_title":"","ocean_shortcode_before_footer_widgets":"","ocean_shortcode_after_footer_widgets":"","ocean_shortcode_before_footer_bottom":"","ocean_shortcode_after_footer_bottom":"","ocean_display_top_bar":"default","ocean_display_header":"default","ocean_header_style":"","ocean_center_header_left_menu":"0","ocean_custom_header_template":"0","ocean_custom_logo":0,"ocean_custom_retina_logo":0,"ocean_custom_logo_max_width":0,"ocean_custom_logo_tablet_max_width":0,"ocean_custom_logo_mobile_max_width":0,"ocean_custom_logo_max_height":0,"ocean_custom_logo_tablet_max_height":0,"ocean_custom_logo_mobile_max_height":0,"ocean_header_custom_menu":"0","ocean_menu_typo_font_family":"0","ocean_menu_typo_font_subset":"","ocean_menu_typo_font_size":0,"ocean_menu_typo_font_size_tablet":0,"ocean_menu_typo_font_size_mobile":0,"ocean_menu_typo_font_size_unit":"px","ocean_menu_typo_font_weight":"","ocean_menu_typo_font_weight_tablet":"","ocean_menu_typo_font_weight_mobile":"","ocean_menu_typo_transform":"","ocean_menu_typo_transform_tablet":"","ocean_menu_typo_transform_mobile":"","ocean_menu_typo_line_height":0,"ocean_menu_typo_line_height_tablet":0,"ocean_menu_typo_line_height_mobile":0,"ocean_menu_typo_line_height_unit":"","ocean_menu_typo_spacing":0,"ocean_menu_typo_spacing_tablet":0,"ocean_menu_typo_spacing_mobile":0,"ocean_menu_typo_spacing_unit":"","ocean_menu_link_color":"","ocean_menu_link_color_hover":"","ocean_menu_link_color_active":"","ocean_menu_link_background":"","ocean_menu_link_hover_background":"","ocean_menu_link_active_background":"","ocean_menu_social_links_bg":"","ocean_menu_social_hover_links_bg":"","ocean_menu_social_links_color":"","ocean_menu_social_hover_links_color":"","ocean_disable_title":"default","ocean_disable_heading":"default","ocean_post_title":"","ocean_post_subheading":"","ocean_post_title_style":"","ocean_post_title_background_color":"","ocean_post_title_background":0,"ocean_post_title_bg_image_position":"","ocean_post_title_bg_image_attachment":"","ocean_post_title_bg_image_repeat":"","ocean_post_title_bg_image_size":"","ocean_post_title_height":0,"ocean_post_title_bg_overlay":0.5,"ocean_post_title_bg_overlay_color":"","ocean_disable_breadcrumbs":"default","ocean_breadcrumbs_color":"","ocean_breadcrumbs_separator_color":"","ocean_breadcrumbs_links_color":"","ocean_breadcrumbs_links_hover_color":"","ocean_display_footer_widgets":"default","ocean_display_footer_bottom":"default","ocean_custom_footer_template":"0","ocean_post_oembed":"","ocean_post_self_hosted_media":"","ocean_post_video_embed":"","ocean_link_format":"","ocean_link_format_target":"self","ocean_quote_format":"","ocean_quote_format_link":"post","ocean_gallery_link_images":"on","ocean_gallery_id":[],"footnotes":""},"categories":[1,16,27],"tags":[13],"class_list":["post-2751","post","type-post","status-publish","format-standard","hentry","category-koenigsschiessen","category-veranstaltung","category-vereinsarbeit","tag-koenigsschiessen","entry"],"jetpack_featured_media_url":"","_links":{"self":[{"href":"https:\/\/www.schuetzenverein-umpferstedt.com\/index.php?rest_route=\/wp\/v2\/posts\/2751","targetHints":{"allow":["GET"]}}],"collection":[{"href":"https:\/\/www.schuetzenverein-umpferstedt.com\/index.php?rest_route=\/wp\/v2\/posts"}],"about":[{"href":"https:\/\/www.schuetzenverein-umpferstedt.com\/index.php?rest_route=\/wp\/v2\/types\/post"}],"author":[{"embeddable":true,"href":"https:\/\/www.schuetzenverein-umpferstedt.com\/index.php?rest_route=\/wp\/v2\/users\/3"}],"replies":[{"embeddable":true,"href":"https:\/\/www.schuetzenverein-umpferstedt.com\/index.php?rest_route=%2Fwp%2Fv2%2Fcomments&post=2751"}],"version-history":[{"count":1,"href":"https:\/\/www.schuetzenverein-umpferstedt.com\/index.php?rest_route=\/wp\/v2\/posts\/2751\/revisions"}],"predecessor-version":[{"id":2752,"href":"https:\/\/www.schuetzenverein-umpferstedt.com\/index.php?rest_route=\/wp\/v2\/posts\/2751\/revisions\/2752"}],"wp:attachment":[{"href":"https:\/\/www.schuetzenverein-umpferstedt.com\/index.php?rest_route=%2Fwp%2Fv2%2Fmedia&parent=2751"}],"wp:term":[{"taxonomy":"category","embeddable":true,"href":"https:\/\/www.schuetzenverein-umpferstedt.com\/index.php?rest_route=%2Fwp%2Fv2%2Fcategories&post=2751"},{"taxonomy":"post_tag","embeddable":true,"href":"https:\/\/www.schuetzenverein-umpferstedt.com\/index.php?rest_route=%2Fwp%2Fv2%2Ftags&post=2751"}],"curies":[{"name":"wp","href":"https:\/\/api.w.org\/{rel}","templated":true}]}}