{"id":464,"date":"2017-05-25T16:40:07","date_gmt":"2017-05-25T16:40:07","guid":{"rendered":"http:\/\/www.schuetzenverein-umpferstedt.com\/?p=464"},"modified":"2024-05-06T17:22:39","modified_gmt":"2024-05-06T17:22:39","slug":"himmelfahrt-2017","status":"publish","type":"post","link":"http:\/\/www.schuetzenverein-umpferstedt.com\/?p=464","title":{"rendered":"Himmelfahrt 2017"},"content":{"rendered":"<p>In bekannter\u00a0Tradition wurde Christi Himmelfahrt am 25. Mai 2017 bei uns im Verein gefeiert. Bereits am Vormittag brannte\u00a0dank Wolfgang Riedel der Rost und um den Aufstieg des Herrn angemessen zu bejubeln, kam auch unsere neue Kanone das ein oder andere Mal zum Einsatz. Andrea Liebig sorgte wie gewohnt daf\u00fcr, dass keiner der anwesenden Herren Durst leiden musste. Dank diverser &#8222;Kuchenspenden&#8220; lie\u00dfen wir es uns bis in den sp\u00e4ten Nachmittag hinein gut gehen.<\/p>\n<p>&nbsp;<\/p>\n<p><img loading=\"lazy\" decoding=\"async\" class=\"aligncenter wp-image-468\" src=\"http:\/\/www.schuetzenverein-umpferstedt.com\/wordpress\/wp-content\/uploads\/2017\/05\/20170525_130745-300x169.jpg\" alt=\"\" width=\"550\" height=\"309\" srcset=\"http:\/\/www.schuetzenverein-umpferstedt.com\/wordpress\/wp-content\/uploads\/2017\/05\/20170525_130745-300x169.jpg 300w, http:\/\/www.schuetzenverein-umpferstedt.com\/wordpress\/wp-content\/uploads\/2017\/05\/20170525_130745-768x432.jpg 768w, http:\/\/www.schuetzenverein-umpferstedt.com\/wordpress\/wp-content\/uploads\/2017\/05\/20170525_130745-644x362.jpg 644w, http:\/\/www.schuetzenverein-umpferstedt.com\/wordpress\/wp-content\/uploads\/2017\/05\/20170525_130745-676x380.jpg 676w\" sizes=\"auto, (max-width: 550px) 100vw, 550px\" \/><\/p>\n<p>&nbsp;<\/p>\n<p><img loading=\"lazy\" decoding=\"async\" class=\"aligncenter wp-image-471\" src=\"http:\/\/www.schuetzenverein-umpferstedt.com\/wordpress\/wp-content\/uploads\/2017\/05\/20170525_130724-300x169.jpg\" alt=\"\" width=\"550\" height=\"309\" srcset=\"http:\/\/www.schuetzenverein-umpferstedt.com\/wordpress\/wp-content\/uploads\/2017\/05\/20170525_130724-300x169.jpg 300w, http:\/\/www.schuetzenverein-umpferstedt.com\/wordpress\/wp-content\/uploads\/2017\/05\/20170525_130724-768x432.jpg 768w, http:\/\/www.schuetzenverein-umpferstedt.com\/wordpress\/wp-content\/uploads\/2017\/05\/20170525_130724-644x362.jpg 644w, http:\/\/www.schuetzenverein-umpferstedt.com\/wordpress\/wp-content\/uploads\/2017\/05\/20170525_130724-676x380.jpg 676w\" sizes=\"auto, (max-width: 550px) 100vw, 550px\" \/><\/p>\n<p>&nbsp;<\/p>\n<p><img loading=\"lazy\" decoding=\"async\" class=\"aligncenter wp-image-472\" src=\"http:\/\/www.schuetzenverein-umpferstedt.com\/wordpress\/wp-content\/uploads\/2017\/05\/20170525_130651-300x169.jpg\" alt=\"\" width=\"550\" height=\"309\" srcset=\"http:\/\/www.schuetzenverein-umpferstedt.com\/wordpress\/wp-content\/uploads\/2017\/05\/20170525_130651-300x169.jpg 300w, http:\/\/www.schuetzenverein-umpferstedt.com\/wordpress\/wp-content\/uploads\/2017\/05\/20170525_130651-768x432.jpg 768w, http:\/\/www.schuetzenverein-umpferstedt.com\/wordpress\/wp-content\/uploads\/2017\/05\/20170525_130651-644x362.jpg 644w, http:\/\/www.schuetzenverein-umpferstedt.com\/wordpress\/wp-content\/uploads\/2017\/05\/20170525_130651-676x380.jpg 676w\" sizes=\"auto, (max-width: 550px) 100vw, 550px\" \/><\/p>\n<p>&nbsp;<\/p>\n<p><img loading=\"lazy\" decoding=\"async\" class=\"aligncenter wp-image-473\" src=\"http:\/\/www.schuetzenverein-umpferstedt.com\/wordpress\/wp-content\/uploads\/2017\/05\/20170525_130655-300x169.jpg\" alt=\"\" width=\"550\" height=\"309\" srcset=\"http:\/\/www.schuetzenverein-umpferstedt.com\/wordpress\/wp-content\/uploads\/2017\/05\/20170525_130655-300x169.jpg 300w, http:\/\/www.schuetzenverein-umpferstedt.com\/wordpress\/wp-content\/uploads\/2017\/05\/20170525_130655-768x432.jpg 768w, http:\/\/www.schuetzenverein-umpferstedt.com\/wordpress\/wp-content\/uploads\/2017\/05\/20170525_130655-644x362.jpg 644w, http:\/\/www.schuetzenverein-umpferstedt.com\/wordpress\/wp-content\/uploads\/2017\/05\/20170525_130655-676x380.jpg 676w\" sizes=\"auto, (max-width: 550px) 100vw, 550px\" \/><\/p>\n<p>&nbsp;<\/p>\n<p>&nbsp;<\/p>\n<p>&nbsp;<\/p>\n<p>&nbsp;<\/p>\n","protected":false},"excerpt":{"rendered":"<p>In bekannter\u00a0Tradition wurde Christi Himmelfahrt am 25. Mai 2017 bei uns im Verein gefeiert. Bereits am Vormittag brannte\u00a0dank Wolfgang Riedel der Rost und um den Aufstieg des Herrn angemessen zu bejubeln, kam auch unsere neue Kanone das ein oder andere Mal zum Einsatz. Andrea Liebig sorgte wie gewohnt daf\u00fcr, dass keiner der anwesenden Herren Durst [&hellip;]<\/p>\n","protected":false},"author":2,"featured_media":465,"comment_status":"closed","ping_status":"closed","sticky":false,"template":"","format":"standard","meta":{"ocean_post_layout":"","ocean_both_sidebars_style":"","ocean_both_sidebars_content_width":0,"ocean_both_sidebars_sidebars_width":0,"ocean_sidebar":"","ocean_second_sidebar":"","ocean_disable_margins":"enable","ocean_add_body_class":"","ocean_shortcode_before_top_bar":"","ocean_shortcode_after_top_bar":"","ocean_shortcode_before_header":"","ocean_shortcode_after_header":"","ocean_has_shortcode":"","ocean_shortcode_after_title":"","ocean_shortcode_before_footer_widgets":"","ocean_shortcode_after_footer_widgets":"","ocean_shortcode_before_footer_bottom":"","ocean_shortcode_after_footer_bottom":"","ocean_display_top_bar":"default","ocean_display_header":"default","ocean_header_style":"","ocean_center_header_left_menu":"","ocean_custom_header_template":"","ocean_custom_logo":0,"ocean_custom_retina_logo":0,"ocean_custom_logo_max_width":0,"ocean_custom_logo_tablet_max_width":0,"ocean_custom_logo_mobile_max_width":0,"ocean_custom_logo_max_height":0,"ocean_custom_logo_tablet_max_height":0,"ocean_custom_logo_mobile_max_height":0,"ocean_header_custom_menu":"","ocean_menu_typo_font_family":"","ocean_menu_typo_font_subset":"","ocean_menu_typo_font_size":0,"ocean_menu_typo_font_size_tablet":0,"ocean_menu_typo_font_size_mobile":0,"ocean_menu_typo_font_size_unit":"px","ocean_menu_typo_font_weight":"","ocean_menu_typo_font_weight_tablet":"","ocean_menu_typo_font_weight_mobile":"","ocean_menu_typo_transform":"","ocean_menu_typo_transform_tablet":"","ocean_menu_typo_transform_mobile":"","ocean_menu_typo_line_height":0,"ocean_menu_typo_line_height_tablet":0,"ocean_menu_typo_line_height_mobile":0,"ocean_menu_typo_line_height_unit":"","ocean_menu_typo_spacing":0,"ocean_menu_typo_spacing_tablet":0,"ocean_menu_typo_spacing_mobile":0,"ocean_menu_typo_spacing_unit":"","ocean_menu_link_color":"","ocean_menu_link_color_hover":"","ocean_menu_link_color_active":"","ocean_menu_link_background":"","ocean_menu_link_hover_background":"","ocean_menu_link_active_background":"","ocean_menu_social_links_bg":"","ocean_menu_social_hover_links_bg":"","ocean_menu_social_links_color":"","ocean_menu_social_hover_links_color":"","ocean_disable_title":"default","ocean_disable_heading":"default","ocean_post_title":"","ocean_post_subheading":"","ocean_post_title_style":"","ocean_post_title_background_color":"","ocean_post_title_background":0,"ocean_post_title_bg_image_position":"","ocean_post_title_bg_image_attachment":"","ocean_post_title_bg_image_repeat":"","ocean_post_title_bg_image_size":"","ocean_post_title_height":0,"ocean_post_title_bg_overlay":0.5,"ocean_post_title_bg_overlay_color":"","ocean_disable_breadcrumbs":"default","ocean_breadcrumbs_color":"","ocean_breadcrumbs_separator_color":"","ocean_breadcrumbs_links_color":"","ocean_breadcrumbs_links_hover_color":"","ocean_display_footer_widgets":"default","ocean_display_footer_bottom":"default","ocean_custom_footer_template":"","ocean_post_oembed":"","ocean_post_self_hosted_media":"","ocean_post_video_embed":"","ocean_link_format":"","ocean_link_format_target":"self","ocean_quote_format":"","ocean_quote_format_link":"post","ocean_gallery_link_images":"on","ocean_gallery_id":[],"footnotes":""},"categories":[27],"tags":[],"class_list":["post-464","post","type-post","status-publish","format-standard","has-post-thumbnail","hentry","category-vereinsarbeit","entry","has-media"],"jetpack_featured_media_url":"http:\/\/www.schuetzenverein-umpferstedt.com\/wordpress\/wp-content\/uploads\/2017\/05\/20170525_130645.jpg","_links":{"self":[{"href":"http:\/\/www.schuetzenverein-umpferstedt.com\/index.php?rest_route=\/wp\/v2\/posts\/464","targetHints":{"allow":["GET"]}}],"collection":[{"href":"http:\/\/www.schuetzenverein-umpferstedt.com\/index.php?rest_route=\/wp\/v2\/posts"}],"about":[{"href":"http:\/\/www.schuetzenverein-umpferstedt.com\/index.php?rest_route=\/wp\/v2\/types\/post"}],"author":[{"embeddable":true,"href":"http:\/\/www.schuetzenverein-umpferstedt.com\/index.php?rest_route=\/wp\/v2\/users\/2"}],"replies":[{"embeddable":true,"href":"http:\/\/www.schuetzenverein-umpferstedt.com\/index.php?rest_route=%2Fwp%2Fv2%2Fcomments&post=464"}],"version-history":[{"count":6,"href":"http:\/\/www.schuetzenverein-umpferstedt.com\/index.php?rest_route=\/wp\/v2\/posts\/464\/revisions"}],"predecessor-version":[{"id":475,"href":"http:\/\/www.schuetzenverein-umpferstedt.com\/index.php?rest_route=\/wp\/v2\/posts\/464\/revisions\/475"}],"wp:featuredmedia":[{"embeddable":true,"href":"http:\/\/www.schuetzenverein-umpferstedt.com\/index.php?rest_route=\/wp\/v2\/media\/465"}],"wp:attachment":[{"href":"http:\/\/www.schuetzenverein-umpferstedt.com\/index.php?rest_route=%2Fwp%2Fv2%2Fmedia&parent=464"}],"wp:term":[{"taxonomy":"category","embeddable":true,"href":"http:\/\/www.schuetzenverein-umpferstedt.com\/index.php?rest_route=%2Fwp%2Fv2%2Fcategories&post=464"},{"taxonomy":"post_tag","embeddable":true,"href":"http:\/\/www.schuetzenverein-umpferstedt.com\/index.php?rest_route=%2Fwp%2Fv2%2Ftags&post=464"}],"curies":[{"name":"wp","href":"https:\/\/api.w.org\/{rel}","templated":true}]}}