{"id":1286,"date":"2022-09-16T14:09:53","date_gmt":"2022-09-16T14:09:53","guid":{"rendered":"http:\/\/www.schuetzenverein-umpferstedt.com\/?p=1286"},"modified":"2024-05-06T17:08:05","modified_gmt":"2024-05-06T17:08:05","slug":"koenigsschiessen-2022","status":"publish","type":"post","link":"http:\/\/www.schuetzenverein-umpferstedt.com\/?p=1286","title":{"rendered":"K\u00f6nigsschie\u00dfen 2022"},"content":{"rendered":"<p>Nach langer Corona-Pause konnten wir am 10. September 2022 endlich wieder in gewohntem Rahmen den neuen K\u00f6nig und dessen Ritter k\u00fcren. Dabei gab es eine kleine Revolution, denn erstmals in der Geschichte unserer Vereins wurde am Abend eine K\u00f6nigin gekr\u00f6nt. Mit 96 Ringen konnte sich Anett Hauschild gegen die M\u00e4nner durchsetzen. Dicht gefolgt von ihrem &#8222;ersten Ritter&#8220; Detlef M\u00fcller mit 95 Ringen. Den dritten Platz, und damit die Ehre des &#8222;zweiten Ritters&#8220;, holte sich mit 93 Ringen Nico Wirth.<\/p>\n<p>Der Jugend-K\u00f6nig wurde mit 88 Ringen Erik Hauschild, womit die Familie gleich zwei royale Mitglieder hat. Gast-K\u00f6nig wurde mit 100 Ringen Marco Schenke.\u00a0Nach der Verk\u00fcndung der neuen W\u00fcrdentr\u00e4ger bot sich die Gelegenheit zum Gespr\u00e4ch bei Speis und Trank.\u00a0Der Vorstand freute sich \u00fcber die zahlreichen G\u00e4ste und die ausgelassene Stimmung.<\/p>\n<p><img loading=\"lazy\" decoding=\"async\" class=\"alignleft wp-image-1289\" src=\"http:\/\/www.schuetzenverein-umpferstedt.com\/wordpress\/wp-content\/uploads\/2022\/09\/IMG_0527-183x300.jpg\" alt=\"\" width=\"441\" height=\"723\" srcset=\"http:\/\/www.schuetzenverein-umpferstedt.com\/wordpress\/wp-content\/uploads\/2022\/09\/IMG_0527-183x300.jpg 183w, http:\/\/www.schuetzenverein-umpferstedt.com\/wordpress\/wp-content\/uploads\/2022\/09\/IMG_0527-644x1054.jpg 644w, http:\/\/www.schuetzenverein-umpferstedt.com\/wordpress\/wp-content\/uploads\/2022\/09\/IMG_0527-768x1257.jpg 768w, http:\/\/www.schuetzenverein-umpferstedt.com\/wordpress\/wp-content\/uploads\/2022\/09\/IMG_0527.jpg 828w\" sizes=\"auto, (max-width: 441px) 100vw, 441px\" \/><\/p>\n","protected":false},"excerpt":{"rendered":"<p>Nach langer Corona-Pause konnten wir am 10. September 2022 endlich wieder in gewohntem Rahmen den neuen K\u00f6nig und dessen Ritter k\u00fcren. Dabei gab es eine kleine Revolution, denn erstmals in der Geschichte unserer Vereins wurde am Abend eine K\u00f6nigin gekr\u00f6nt. Mit 96 Ringen konnte sich Anett Hauschild gegen die M\u00e4nner durchsetzen. Dicht gefolgt von ihrem [&hellip;]<\/p>\n","protected":false},"author":2,"featured_media":1287,"comment_status":"closed","ping_status":"closed","sticky":false,"template":"","format":"standard","meta":{"ocean_post_layout":"","ocean_both_sidebars_style":"","ocean_both_sidebars_content_width":0,"ocean_both_sidebars_sidebars_width":0,"ocean_sidebar":"","ocean_second_sidebar":"","ocean_disable_margins":"enable","ocean_add_body_class":"","ocean_shortcode_before_top_bar":"","ocean_shortcode_after_top_bar":"","ocean_shortcode_before_header":"","ocean_shortcode_after_header":"","ocean_has_shortcode":"","ocean_shortcode_after_title":"","ocean_shortcode_before_footer_widgets":"","ocean_shortcode_after_footer_widgets":"","ocean_shortcode_before_footer_bottom":"","ocean_shortcode_after_footer_bottom":"","ocean_display_top_bar":"default","ocean_display_header":"default","ocean_header_style":"","ocean_center_header_left_menu":"","ocean_custom_header_template":"","ocean_custom_logo":0,"ocean_custom_retina_logo":0,"ocean_custom_logo_max_width":0,"ocean_custom_logo_tablet_max_width":0,"ocean_custom_logo_mobile_max_width":0,"ocean_custom_logo_max_height":0,"ocean_custom_logo_tablet_max_height":0,"ocean_custom_logo_mobile_max_height":0,"ocean_header_custom_menu":"","ocean_menu_typo_font_family":"","ocean_menu_typo_font_subset":"","ocean_menu_typo_font_size":0,"ocean_menu_typo_font_size_tablet":0,"ocean_menu_typo_font_size_mobile":0,"ocean_menu_typo_font_size_unit":"px","ocean_menu_typo_font_weight":"","ocean_menu_typo_font_weight_tablet":"","ocean_menu_typo_font_weight_mobile":"","ocean_menu_typo_transform":"","ocean_menu_typo_transform_tablet":"","ocean_menu_typo_transform_mobile":"","ocean_menu_typo_line_height":0,"ocean_menu_typo_line_height_tablet":0,"ocean_menu_typo_line_height_mobile":0,"ocean_menu_typo_line_height_unit":"","ocean_menu_typo_spacing":0,"ocean_menu_typo_spacing_tablet":0,"ocean_menu_typo_spacing_mobile":0,"ocean_menu_typo_spacing_unit":"","ocean_menu_link_color":"","ocean_menu_link_color_hover":"","ocean_menu_link_color_active":"","ocean_menu_link_background":"","ocean_menu_link_hover_background":"","ocean_menu_link_active_background":"","ocean_menu_social_links_bg":"","ocean_menu_social_hover_links_bg":"","ocean_menu_social_links_color":"","ocean_menu_social_hover_links_color":"","ocean_disable_title":"default","ocean_disable_heading":"default","ocean_post_title":"","ocean_post_subheading":"","ocean_post_title_style":"","ocean_post_title_background_color":"","ocean_post_title_background":0,"ocean_post_title_bg_image_position":"","ocean_post_title_bg_image_attachment":"","ocean_post_title_bg_image_repeat":"","ocean_post_title_bg_image_size":"","ocean_post_title_height":0,"ocean_post_title_bg_overlay":0.5,"ocean_post_title_bg_overlay_color":"","ocean_disable_breadcrumbs":"default","ocean_breadcrumbs_color":"","ocean_breadcrumbs_separator_color":"","ocean_breadcrumbs_links_color":"","ocean_breadcrumbs_links_hover_color":"","ocean_display_footer_widgets":"default","ocean_display_footer_bottom":"default","ocean_custom_footer_template":"","ocean_post_oembed":"","ocean_post_self_hosted_media":"","ocean_post_video_embed":"","ocean_link_format":"","ocean_link_format_target":"self","ocean_quote_format":"","ocean_quote_format_link":"post","ocean_gallery_link_images":"on","ocean_gallery_id":[],"footnotes":""},"categories":[1,7],"tags":[13],"class_list":["post-1286","post","type-post","status-publish","format-standard","has-post-thumbnail","hentry","category-koenigsschiessen","category-wettkampf","tag-koenigsschiessen","entry","has-media"],"jetpack_featured_media_url":"http:\/\/www.schuetzenverein-umpferstedt.com\/wordpress\/wp-content\/uploads\/2022\/09\/IMG_2040-scaled.jpg","_links":{"self":[{"href":"http:\/\/www.schuetzenverein-umpferstedt.com\/index.php?rest_route=\/wp\/v2\/posts\/1286","targetHints":{"allow":["GET"]}}],"collection":[{"href":"http:\/\/www.schuetzenverein-umpferstedt.com\/index.php?rest_route=\/wp\/v2\/posts"}],"about":[{"href":"http:\/\/www.schuetzenverein-umpferstedt.com\/index.php?rest_route=\/wp\/v2\/types\/post"}],"author":[{"embeddable":true,"href":"http:\/\/www.schuetzenverein-umpferstedt.com\/index.php?rest_route=\/wp\/v2\/users\/2"}],"replies":[{"embeddable":true,"href":"http:\/\/www.schuetzenverein-umpferstedt.com\/index.php?rest_route=%2Fwp%2Fv2%2Fcomments&post=1286"}],"version-history":[{"count":7,"href":"http:\/\/www.schuetzenverein-umpferstedt.com\/index.php?rest_route=\/wp\/v2\/posts\/1286\/revisions"}],"predecessor-version":[{"id":1295,"href":"http:\/\/www.schuetzenverein-umpferstedt.com\/index.php?rest_route=\/wp\/v2\/posts\/1286\/revisions\/1295"}],"wp:featuredmedia":[{"embeddable":true,"href":"http:\/\/www.schuetzenverein-umpferstedt.com\/index.php?rest_route=\/wp\/v2\/media\/1287"}],"wp:attachment":[{"href":"http:\/\/www.schuetzenverein-umpferstedt.com\/index.php?rest_route=%2Fwp%2Fv2%2Fmedia&parent=1286"}],"wp:term":[{"taxonomy":"category","embeddable":true,"href":"http:\/\/www.schuetzenverein-umpferstedt.com\/index.php?rest_route=%2Fwp%2Fv2%2Fcategories&post=1286"},{"taxonomy":"post_tag","embeddable":true,"href":"http:\/\/www.schuetzenverein-umpferstedt.com\/index.php?rest_route=%2Fwp%2Fv2%2Ftags&post=1286"}],"curies":[{"name":"wp","href":"https:\/\/api.w.org\/{rel}","templated":true}]}}